{"id":5051,"date":"2020-11-01T11:49:42","date_gmt":"2020-11-01T10:49:42","guid":{"rendered":"https:\/\/efg-hersbruck.de\/wordpress\/?p=5051"},"modified":"2020-11-01T11:49:42","modified_gmt":"2020-11-01T10:49:42","slug":"zuhause","status":"publish","type":"post","link":"https:\/\/efg-hersbruck.de\/wordpress\/2020\/11\/01\/zuhause\/","title":{"rendered":"ZUHAUSE"},"content":{"rendered":"<h1>ZUHAUSE &#8211; Mehr als nur ein Ort.<\/h1>\n<h4>\u201eEs war einmal vor langer Zeit\u201c, \u201eEs war einmal vor langer Zeit in einer weit, weit entfernten Galaxis.\u201c oder eben \u201eEin Mann hatte zwei S\u00f6hne\u201c. Diese Worte h\u00f6ren wir und sie bringen uns sofort ein Schmunzeln auf die Lippen, weil wir ganz genau wissen, welche Geschichte jeweils auf diese Worte folgt. Wir Menschen lieben Geschichten. Das hat schon begonnen, als wir noch klein waren und unsere Eltern oder Gro\u00dfeltern uns aus dicken B\u00fcchern vor dem Einschlafen vorgelesen haben. Und es ist auch noch heute so, wenn wir eine gute Geschichte f\u00fcr uns selbst lesen. Da ist etwas Besonderes in ihnen. Geschichten fesseln und packen uns. Sie f\u00fchren uns oft aus unserer Welt hinaus in eine ganz andere. Doch wenn die Geschichte wirklich gut ist, dann beginnen wir unsere eigene Welt mit anderen Augen zu sehen. Geschichten lehren uns etwas \u00fcber die Welt um uns herum, \u00fcber unsere Familien, \u00fcber uns selbst. Ja! \u2013 wir alle lieben sie, eine gute Geschichten, absolut.<\/h4>\n<h4>Jesus war Meister darin Geschichten zu erz\u00e4hlen. Er fesselte seine Zuh\u00f6rer mit Worten, wie keiner vor ihm und wohl kaum einer nach ihm. Seine Geschichten sind bekannter als alle anderen dieser Welt. Doch warum erz\u00e4hlte Er sie? Da lassen sich wohl die unterschiedlichsten Gr\u00fcnde finden. Manchmal gebrauchte er eine gute Geschichte, um die ersch\u00fctternden Inhalte seiner Botschaft besser zu transportieren; manchmal, dass seine Botschaft nicht auf anhieb verst\u00e4ndlich war und ins Fragen f\u00fchrt; und manchmal war genau das Gegenteil der Fall, dass sein Kernaussagen leicht verstanden wird und den H\u00f6rer sprachlos macht. Der gr\u00f6\u00dfte Grund warum Er Geschichten \u2013 meistens Gleichnisse \u2013 erz\u00e4hlte, war wohl dieser: wir erinnern uns an Geschichten. Ein gutes Bild vergessen wir nicht so schnell, es ber\u00fchrt uns und manchmal geht es uns tief unter die Haut. Geschichten pr\u00e4gen sich in unsere Erinnerung ein, wir k\u00f6nnen sie leicht nacherz\u00e4hlen und verstehen meistens sofort, was damit eigentlich gemeint ist.<\/h4>\n<h4>Die wohl ber\u00fchmteste Geschichte von Jesus ist die von einem Vater und seinen zwei S\u00f6hnen. Es ist eine Geschichte von ZUHAUSE. Wir k\u00f6nnen diese Erz\u00e4hlung sofort verstehen.<\/h4>\n<h4>V\u00e4ter und ihre S\u00f6hne, S\u00f6hne und ihre V\u00e4ter \u2013 diese Beziehungen k\u00f6nnen kompliziert sein. Und all die Beziehungen, die wir in einer Familie finden. Die Anzahl an B\u00fcchern, die \u00fcber kaputte, nicht funktionierende Familien geschrieben wurden, ist schier endlos. Die Gefahr ist dementsprechend hoch, dass wir gar nicht mehr interessiert sind, eine Geschichte weiterzulesen, die mit den Worten beginnt: \u201eEin Mann hatte zwei S\u00f6hne\u2026\u201c Noch dazu haben wir dieses Gleichnis von Jesus schon so oft geh\u00f6rt. Wieso also dieser Geschichte erneut Aufmerksamkeit schenken?<\/h4>\n<h4>Es wird gesagt, dass in diesem Gleichnis alles steht, was wir \u00fcber die Gnade Gottes wissen m\u00fcssten. Ich w\u00fcrde sagen, in dieser weltber\u00fchmten Geschichte liest Du alles, was Du dar\u00fcber wissen musst, bei Gott ZUHAUSE zu sein. Dieses Gleichnis hat eine unermessliche Tiefe. So simpel und doch so unendlich reich. Je mehr ich mich mit dieser Erz\u00e4hlung auseinandersetze, desto mehr staune ich.<\/h4>\n<h4>Nachdem ich das erste Mal \u00fcber dieses Gleichnis vor etlichen Jahren predigte, dachte ich, ich w\u00fcsste nun alles. Heute kann ich einem Theologen zustimmen, der treffend dazu schreibt: \u201eAber das Aroma dieser Geschichte, ihr Bouquet, kannte ich noch nicht.\u201c (H. Wolfsberger)<\/h4>\n<h4>\u00dcber die letzten Jahre habe ich versucht mich immer wieder an diesen Familientisch von dem Vater und seinen zwei S\u00f6hnen zu setzen. Zu sehen, was dort in dem Haus des Vaters passierte. Die einzelnen Personen zu f\u00fchlen und zu verstehen. Je mehr ich es tu, desto gr\u00f6\u00dfer ist meine Sehnsucht selbst ZUHAUSE zu sein, am Tisch dieses wundervoller Vaters. Ich finde mich in dieser Geschichte wieder, deswegen kann ich nicht genug haben von diesem Gleichnis.<\/h4>\n<h4>In der Predigtreihe \u201eZUHAUSE \u2013 mehr als ein Ort.\u201c will ich Dich mitnehmen in dieses Zuhause des Vaters, mit seinen zwei S\u00f6hnen. Lass Dich doch ganz neu ein auf diese Geschichte. Dabei will ich deinen Blick nicht nur auf den sogenannten \u201everlorenen Sohn\u201c richten, sondern viel weiter spannen, denn da ist so viel mehr. Da ist der \u00e4ltere Sohn. Da ist ein gro\u00dfes Fest. Da ist ein ganz untypischer Vater. Da ist das Umfeld in der Jesus die Geschichte erz\u00e4hlt. Und ich glaube, in dieser Geschichte bist auch Du! Da ist dein Leben zu finden.<\/h4>\n<h4>Wo wird Dich diese Geschichte hinf\u00fchren? Das entscheidest alleine Du. Diese Geschichte hat auf jeden Fall das Potential dein Leben zu bereichern, deinem Leben wundervolle Perspektiven aufzuzeigen. Sie bietet Dir einen Weg, ein ganz neues ZUHAUSE zu erleben. Ein ZUHAUSE, das mehr ist als ein Ort, es ist eine Beziehung!<\/h4>\n<p>&nbsp;<\/p>\n<p><img decoding=\"async\" class=\"lazyload wp-image-1881 alignleft\" src=\"https:\/\/efg-hersbruck.de\/wordpress\/wp-content\/uploads\/2019\/01\/patchDP.png\" data-orig-src=\"https:\/\/efg-hersbruck.de\/wordpress\/wp-content\/uploads\/2019\/01\/patchDP.png\" alt=\"\" width=\"138\" height=\"138\" srcset=\"data:image\/svg+xml,%3Csvg%20xmlns%3D%27http%3A%2F%2Fwww.w3.org%2F2000%2Fsvg%27%20width%3D%27138%27%20height%3D%27138%27%20viewBox%3D%270%200%20138%20138%27%3E%3Crect%20width%3D%27138%27%20height%3D%27138%27%20fill-opacity%3D%220%22%2F%3E%3C%2Fsvg%3E\" data-srcset=\"https:\/\/efg-hersbruck.de\/wordpress\/wp-content\/uploads\/2019\/01\/patchDP-66x66.png 66w, https:\/\/efg-hersbruck.de\/wordpress\/wp-content\/uploads\/2019\/01\/patchDP-150x150.png 150w, https:\/\/efg-hersbruck.de\/wordpress\/wp-content\/uploads\/2019\/01\/patchDP-200x200.png 200w, https:\/\/efg-hersbruck.de\/wordpress\/wp-content\/uploads\/2019\/01\/patchDP.png 300w\" data-sizes=\"auto\" data-orig-sizes=\"(max-width: 138px) 100vw, 138px\" \/><\/p>\n<p>&nbsp;<\/p>\n<h4>Daniel Pfeifer<\/h4>\n<h5>Gemeindereferent<\/h5>\n<p>&nbsp;<\/p>\n<p>&nbsp;<\/p>\n","protected":false},"excerpt":{"rendered":"<p>ZUHAUSE &#8211; Mehr als nur ein Ort. \u201eEs war einmal  [&#8230;]<\/p>\n","protected":false},"author":2,"featured_media":5052,"comment_status":"closed","ping_status":"open","sticky":false,"template":"","format":"standard","meta":{"footnotes":""},"categories":[1],"tags":[],"class_list":["post-5051","post","type-post","status-publish","format-standard","has-post-thumbnail","hentry","category-allgemein"],"_links":{"self":[{"href":"https:\/\/efg-hersbruck.de\/wordpress\/wp-json\/wp\/v2\/posts\/5051","targetHints":{"allow":["GET"]}}],"collection":[{"href":"https:\/\/efg-hersbruck.de\/wordpress\/wp-json\/wp\/v2\/posts"}],"about":[{"href":"https:\/\/efg-hersbruck.de\/wordpress\/wp-json\/wp\/v2\/types\/post"}],"author":[{"embeddable":true,"href":"https:\/\/efg-hersbruck.de\/wordpress\/wp-json\/wp\/v2\/users\/2"}],"replies":[{"embeddable":true,"href":"https:\/\/efg-hersbruck.de\/wordpress\/wp-json\/wp\/v2\/comments?post=5051"}],"version-history":[{"count":1,"href":"https:\/\/efg-hersbruck.de\/wordpress\/wp-json\/wp\/v2\/posts\/5051\/revisions"}],"predecessor-version":[{"id":5053,"href":"https:\/\/efg-hersbruck.de\/wordpress\/wp-json\/wp\/v2\/posts\/5051\/revisions\/5053"}],"wp:featuredmedia":[{"embeddable":true,"href":"https:\/\/efg-hersbruck.de\/wordpress\/wp-json\/wp\/v2\/media\/5052"}],"wp:attachment":[{"href":"https:\/\/efg-hersbruck.de\/wordpress\/wp-json\/wp\/v2\/media?parent=5051"}],"wp:term":[{"taxonomy":"category","embeddable":true,"href":"https:\/\/efg-hersbruck.de\/wordpress\/wp-json\/wp\/v2\/categories?post=5051"},{"taxonomy":"post_tag","embeddable":true,"href":"https:\/\/efg-hersbruck.de\/wordpress\/wp-json\/wp\/v2\/tags?post=5051"}],"curies":[{"name":"wp","href":"https:\/\/api.w.org\/{rel}","templated":true}]}}