{"id":11131,"date":"2025-12-11T12:07:08","date_gmt":"2025-12-11T11:07:08","guid":{"rendered":"https:\/\/efg-hersbruck.de\/wordpress\/?p=11131"},"modified":"2025-12-11T12:08:01","modified_gmt":"2025-12-11T11:08:01","slug":"komm-lasset-uns-anbeten","status":"publish","type":"post","link":"https:\/\/efg-hersbruck.de\/wordpress\/2025\/12\/11\/komm-lasset-uns-anbeten\/","title":{"rendered":"Komm, lasset uns anbeten."},"content":{"rendered":"<p><div class=\"fusion-fullwidth fullwidth-box fusion-builder-row-1 fusion-flex-container has-pattern-background has-mask-background nonhundred-percent-fullwidth non-hundred-percent-height-scrolling\" style=\"--awb-border-radius-top-left:0px;--awb-border-radius-top-right:0px;--awb-border-radius-bottom-right:0px;--awb-border-radius-bottom-left:0px;--awb-flex-wrap:wrap;\" ><div class=\"fusion-builder-row fusion-row fusion-flex-align-items-center fusion-flex-content-wrap\" style=\"max-width:1216.8px;margin-left: calc(-4% \/ 2 );margin-right: calc(-4% \/ 2 );\"><div class=\"fusion-layout-column fusion_builder_column fusion-builder-column-0 fusion_builder_column_2_3 2_3 fusion-flex-column\" style=\"--awb-bg-size:cover;--awb-width-large:66.666666666667%;--awb-margin-top-large:0px;--awb-spacing-right-large:2.88%;--awb-margin-bottom-large:0px;--awb-spacing-left-large:2.88%;--awb-width-medium:100%;--awb-order-medium:0;--awb-spacing-right-medium:1.92%;--awb-spacing-left-medium:1.92%;--awb-width-small:100%;--awb-order-small:0;--awb-spacing-right-small:1.92%;--awb-spacing-left-small:1.92%;\"><div class=\"fusion-column-wrapper fusion-column-has-shadow fusion-flex-justify-content-flex-start fusion-content-layout-column\"><div class=\"fusion-text fusion-text-1\"><h4><i><span style=\"color: #ca3843;\">\u201eHalleluja!<\/span><br \/>\n<span style=\"color: #ca3843;\">Denn der Herr, unser Gott, der Allm\u00e4chtige, hat die Herrschaft angetreten.<\/span><br \/>\n<span style=\"color: #ca3843;\">Und er wird herrschen von Ewigkeit zu Ewigkeit.\u201c<\/span><\/i><\/h4>\n<h4>Diese bekannten Zeilen stammen aus einem der ber\u00fchmtesten Chorwerke der Musikgeschichte. Es ist das gro\u00dfe \u201eHalleluja!\u201c von Georg Friedrich H\u00e4ndel, dem Abschluss von Teil II seines \u201aMessias\u2018. Als H\u00e4ndel 1741 dies komponierte, konnte er kaum ahnen, dass dieses St\u00fcck einmal zu einem musikalischen Symbol der Freunde und Anbetung werden w\u00fcrde. Sicher h\u00e4tte er sich nicht vorstellen k\u00f6nnen, dass dieses Lied millionenfach erklingt und ganz nebenbei 2010 zu dem ersten gro\u00dfen viralen Flashmob auf YouTube inspirierte.<\/h4>\n<\/div><\/div><\/div><div class=\"fusion-layout-column fusion_builder_column fusion-builder-column-1 fusion_builder_column_1_3 1_3 fusion-flex-column\" style=\"--awb-bg-size:cover;--awb-width-large:33.333333333333%;--awb-margin-top-large:0px;--awb-spacing-right-large:5.76%;--awb-margin-bottom-large:0px;--awb-spacing-left-large:5.76%;--awb-width-medium:100%;--awb-order-medium:0;--awb-spacing-right-medium:1.92%;--awb-spacing-left-medium:1.92%;--awb-width-small:100%;--awb-order-small:0;--awb-spacing-right-small:1.92%;--awb-spacing-left-small:1.92%;\"><div class=\"fusion-column-wrapper fusion-column-has-shadow fusion-flex-justify-content-center fusion-content-layout-column\"><div class=\"fusion-video fusion-youtube\" style=\"--awb-max-width:600px;--awb-max-height:360px;\"><div class=\"video-shortcode\"><lite-youtube videoid=\"SXh7JR9oKVE\" class=\"landscape\" params=\"wmode=transparent&autoplay=1&enablejsapi=1\" title=\"YouTube video player 1\" width=\"600\" height=\"360\" data-thumbnail-size=\"maxresdefault\" data-no-cookie=\"on\"><\/lite-youtube><\/div><\/div><\/div><\/div><\/div><\/div><div class=\"fusion-fullwidth fullwidth-box fusion-builder-row-2 fusion-flex-container has-pattern-background has-mask-background nonhundred-percent-fullwidth non-hundred-percent-height-scrolling\" style=\"--awb-border-radius-top-left:0px;--awb-border-radius-top-right:0px;--awb-border-radius-bottom-right:0px;--awb-border-radius-bottom-left:0px;--awb-flex-wrap:wrap;\" ><div class=\"fusion-builder-row fusion-row fusion-flex-align-items-flex-start fusion-flex-content-wrap\" style=\"max-width:1216.8px;margin-left: calc(-4% \/ 2 );margin-right: calc(-4% \/ 2 );\"><div class=\"fusion-layout-column fusion_builder_column fusion-builder-column-2 fusion_builder_column_1_1 1_1 fusion-flex-column\" style=\"--awb-bg-size:cover;--awb-width-large:100%;--awb-margin-top-large:0px;--awb-spacing-right-large:1.92%;--awb-margin-bottom-large:0px;--awb-spacing-left-large:1.92%;--awb-width-medium:100%;--awb-order-medium:0;--awb-spacing-right-medium:1.92%;--awb-spacing-left-medium:1.92%;--awb-width-small:100%;--awb-order-small:0;--awb-spacing-right-small:1.92%;--awb-spacing-left-small:1.92%;\"><div class=\"fusion-column-wrapper fusion-column-has-shadow fusion-flex-justify-content-flex-start fusion-content-layout-column\"><div class=\"fusion-text fusion-text-2\"><h4><span style=\"font-family: var(--h4_typography-font-family); font-size: var(--h4_typography-font-size); font-style: var(--h4_typography-font-style,normal); letter-spacing: var(--h4_typography-letter-spacing); text-transform: var(--h4_typography-text-transform); text-align: var(--awb-content-alignment);\">Diese Liedzeilen kennt fast jeder. Und sie l\u00f6sen bei den meisten ein besonderes \u201eBewegtsein\u201c aus. Mich pers\u00f6nlich ber\u00fchrte das Lied als ich vor 10 Jahren nachts an meiner Masterarbeit schrieb und im Hintergrund das gesamte Oratorium lief. Fr\u00f6hlich schrieb ich Zeile um Zeile. Auf einmal schallte das markante \u201aHalleluja!\u2018. V\u00f6llig \u00fcberw\u00e4ltigt, hielt es mich nicht mehr auf meinem B\u00fcrostuhl. Ich fand mich in kniender Anbetungshaltung auf dem Fu\u00dfboden wieder. Ein tiefes Erstaunen kam \u00fcber mich. <\/span><span style=\"font-size: var(--h4_typography-font-size); font-style: var(--h4_typography-font-style,normal); letter-spacing: var(--h4_typography-letter-spacing); text-transform: var(--h4_typography-text-transform); text-align: var(--awb-content-alignment); font-family: 'Spartan Bold'; color: #ca3843;\" data-fusion-font=\"true\">Was Musik ausl\u00f6sen kann!<\/span><\/h4>\n<h4>Dieses Werk l\u00e4sst innehalten und richtete den Blick auf die atemberaubende Herrlichkeit Christi, den \u201eK\u00f6nig der K\u00f6nige und Herrn der Herren\u201c. H\u00e4ndel selbst berichtete davon, dass er beim Komponieren oft weinte. Als er den \u201eHalleluja\u201c-Teil fertiggestellt hatte, soll er einem Sekret\u00e4r gesagt haben: <span style=\"font-family: 'Spartan Bold';\" data-fusion-font=\"true\">\u201eIch glaubte, den Himmel sich \u00f6ffnen zu sehen und das Antlitz Gottes zu erblicken.\u201c<\/span> Das zeigte sich im Arrangement. Die verk\u00fcndenden Trompeten, die donnernden Pauken, der aufsteigende Sopran, der den Refrain in schier unerklimmbare H\u00f6hen tr\u00e4gt. All das ergibt ein erhabenes Musikwerk, das in seiner Kraft bis heute Menschen zu Tr\u00e4nen r\u00fchrt, von den Sitzen rei\u00dft und nahezu un\u00fcbertroffen ist.<br \/>\n\u00dcberliefert ist, dass K\u00f6nig Georg II. bei der Londoner Premiere so bewegt war, dass er w\u00e4hrend des \u201eHallelujas!\u201c voller Begeisterung aufsprang und das gesamte Publikum seinem Beispiel folgte \u2013 eine Tradition, die sich bis heute im englischsprachigen Raum h\u00e4lt. Was Musik in uns ausl\u00f6sen kann!<\/h4>\n<h4><span style=\"font-family: var(--h4_typography-font-family); font-size: var(--h4_typography-font-size); font-style: var(--h4_typography-font-style,normal); letter-spacing: var(--h4_typography-letter-spacing); text-transform: var(--h4_typography-text-transform); text-align: var(--awb-content-alignment);\">Obwohl diese Zeilen im Messias-Oratorium die Auferstehung Jesu feiern, erklingen sie wohl am h\u00e4ufigsten in der Weihnachtszeit. Nicht ohne Grund. Sie erinnern sofort an den Moment, als \u00fcber den Felden von Bethlehem der Himmel aufriss und ein Schall an Engelsstimmen die Herrlichkeit Gottes und die frohe Botschaft f\u00fcr alle Welt verk\u00fcndet haben (Lk 2,13f.). Was f\u00fcr ein himmlischer Klang muss das gewesen sein! Und ihr \u201aHalleluja\u2018 l\u00e4dt alle Welt ein, aufzustehen und mitzusingen \u00fcber den K\u00f6nig, der uns geboren wurde<\/span><strong style=\"font-family: var(--h4_typography-font-family); font-size: var(--h4_typography-font-size); font-style: var(--h4_typography-font-style,normal); letter-spacing: var(--h4_typography-letter-spacing); text-transform: var(--h4_typography-text-transform); text-align: var(--awb-content-alignment);\">. <\/strong><span style=\"font-size: var(--h4_typography-font-size); font-style: var(--h4_typography-font-style,normal); letter-spacing: var(--h4_typography-letter-spacing); text-transform: var(--h4_typography-text-transform); text-align: var(--awb-content-alignment); font-family: 'Spartan Bold';\" data-fusion-font=\"true\">In der Weihnachtserz\u00e4hlung kann jeder gut sehen, wie wichtig das Singen \u00fcber Jesus ist und was dies mit Menschen macht.<\/span><span style=\"font-family: var(--h4_typography-font-family); font-size: var(--h4_typography-font-size); font-style: var(--h4_typography-font-style,normal); letter-spacing: var(--h4_typography-letter-spacing); text-transform: var(--h4_typography-text-transform); text-align: var(--awb-content-alignment);\"> Es macht Jesus Christus gro\u00df und es f\u00fchrt andere Menschen mit Anbetung. Denn Musik \u00fcber Jesus l\u00f6st immer etwas in uns aus! Sie erhebt das Herz, f\u00fchrt in Anbetung und richtet unseren Blick auf das Wesentliche.<\/span><\/h4>\n<h4><span style=\"font-family: var(--h4_typography-font-family); font-size: var(--h4_typography-font-size); font-style: var(--h4_typography-font-style,normal); letter-spacing: var(--h4_typography-letter-spacing); text-transform: var(--h4_typography-text-transform); text-align: var(--awb-content-alignment);\">Mein Gebet f\u00fcr die kommende Adventszeit ist, dass wir als Gemeinde \u2013 300 Jahre nach H\u00e4ndel, 2000 Jahre nach den Engeln von Bethlehem &#8211; uns erheben, nicht wegen des Beispiels eines irdischen K\u00f6nigs oder aus Tradition, sondern aus Staunen \u00fcber die grenzenlose Herrlichkeit des K\u00f6nigs der K\u00f6nige, den glorreichen Herrscher des Universums, der f\u00fcr Dich und mich in einer Krippe lag, an einem Kreuz starb und auferstanden ist. <\/span><strong style=\"font-size: var(--h4_typography-font-size); font-style: var(--h4_typography-font-style,normal); letter-spacing: var(--h4_typography-letter-spacing); text-transform: var(--h4_typography-text-transform); text-align: var(--awb-content-alignment); font-family: 'Spartan Bold';\" data-fusion-font=\"true\"><span style=\"color: #ca3843;\">Lasst uns in dieser Jahreszeit dem\u00fctig und anbetend f\u00fcr und von diesem K\u00f6nig singen.<\/span><\/strong><span style=\"font-family: var(--h4_typography-font-family); font-size: var(--h4_typography-font-size); font-style: var(--h4_typography-font-style,normal); letter-spacing: var(--h4_typography-letter-spacing); text-transform: var(--h4_typography-text-transform); text-align: var(--awb-content-alignment);\"> Aufstehen, weil wir gar nicht anders k\u00f6nnen. Die H\u00e4nde heben, um seine Herrlichkeit zu bekennen. Die Augen schlie\u00dfen und uns vorstellen, dass der Tag kommen wird, an dem sich der Himmel vor uns \u00f6ffnet und wir inmitten einer Menschenmenge stehen werden, und in einem m\u00e4chtigen Chor singen \u201ewie das Rauschen vieler Wasser und wie das Donnern m\u00e4chtiger Donner\u201c (Offb 19,6), der unendlich lauter ist als H\u00e4ndels Oratorium und proklamiert: \u201eHalleluja! Denn der Herr, unser Gott, der Allm\u00e4chtige, regiert.\u201c<\/span><\/h4>\n<h4>Die M\u00f6glichkeiten zum gemeinsamen Singen sind vielf\u00e4ltig: in unseren Gottesdiensten, bei der Weihnachtskantate am 4. Advent, beim Liederabend mit Martin Pepper, in den verschiedensten Gruppentreffen und Hauskreisen. Vielleicht besuchst Du mal ein Weihnachtsoratorium oder h\u00f6rst Dir H\u00e4ndels \u201aMessias\u2018 zuhause an. Die Einladung steht, <span style=\"font-family: 'Spartan Bold';\" data-fusion-font=\"true\">kommt lasst uns in diesem Advent anbeten!<\/span> Lasst uns ein lautes \u201eHalleluja!\u201c auf den Lippen haben.<\/h4>\n<p>Gottes Segen w\u00fcnscht<\/p>\n<p><img decoding=\"async\" class=\"lazyload wp-image-1881 alignleft\" src=\"https:\/\/efg-hersbruck.de\/wordpress\/wp-content\/uploads\/2019\/01\/patchDP.png\" data-orig-src=\"https:\/\/efg-hersbruck.de\/wordpress\/wp-content\/uploads\/2019\/01\/patchDP.png\" alt=\"\" width=\"138\" height=\"138\" srcset=\"data:image\/svg+xml,%3Csvg%20xmlns%3D%27http%3A%2F%2Fwww.w3.org%2F2000%2Fsvg%27%20width%3D%27138%27%20height%3D%27138%27%20viewBox%3D%270%200%20138%20138%27%3E%3Crect%20width%3D%27138%27%20height%3D%27138%27%20fill-opacity%3D%220%22%2F%3E%3C%2Fsvg%3E\" data-srcset=\"https:\/\/efg-hersbruck.de\/wordpress\/wp-content\/uploads\/2019\/01\/patchDP-66x66.png 66w, https:\/\/efg-hersbruck.de\/wordpress\/wp-content\/uploads\/2019\/01\/patchDP-150x150.png 150w, https:\/\/efg-hersbruck.de\/wordpress\/wp-content\/uploads\/2019\/01\/patchDP-200x200.png 200w, https:\/\/efg-hersbruck.de\/wordpress\/wp-content\/uploads\/2019\/01\/patchDP.png 300w\" data-sizes=\"auto\" data-orig-sizes=\"(max-width: 138px) 100vw, 138px\" \/><\/p>\n<h4 data-fusion-font=\"true\"><\/h4>\n<p><span style=\"font-family: var(--h4_typography-font-family); font-size: var(--h4_typography-font-size); font-style: var(--h4_typography-font-style,normal); letter-spacing: var(--h4_typography-letter-spacing); text-align: var(--awb-content-alignment); text-transform: var(--h4_typography-text-transform);\">\u00a0<\/span><\/p>\n<p><span style=\"font-family: var(--h4_typography-font-family); font-size: var(--h4_typography-font-size); font-style: var(--h4_typography-font-style,normal); letter-spacing: var(--h4_typography-letter-spacing); text-align: var(--awb-content-alignment); text-transform: var(--h4_typography-text-transform); line-height: 16px;\" data-fusion-font=\"true\">Daniel Pfeifer <\/span><\/p>\n<p><span style=\"font-family: var(--h5_typography-font-family); font-size: var(--h5_typography-font-size); font-style: var(--h5_typography-font-style,normal); letter-spacing: var(--h5_typography-letter-spacing); text-align: var(--awb-content-alignment); text-transform: var(--h4_typography-text-transform); line-height: 14px;\" data-fusion-font=\"true\">Gemeindereferent<\/span><\/p>\n<p><em>\u00a0<\/em><\/p>\n<\/div><\/div><\/div><\/div><\/div><\/p>\n","protected":false},"excerpt":{"rendered":"","protected":false},"author":2,"featured_media":11134,"comment_status":"closed","ping_status":"open","sticky":false,"template":"","format":"standard","meta":{"footnotes":""},"categories":[1],"tags":[],"class_list":["post-11131","post","type-post","status-publish","format-standard","has-post-thumbnail","hentry","category-allgemein"],"_links":{"self":[{"href":"https:\/\/efg-hersbruck.de\/wordpress\/wp-json\/wp\/v2\/posts\/11131","targetHints":{"allow":["GET"]}}],"collection":[{"href":"https:\/\/efg-hersbruck.de\/wordpress\/wp-json\/wp\/v2\/posts"}],"about":[{"href":"https:\/\/efg-hersbruck.de\/wordpress\/wp-json\/wp\/v2\/types\/post"}],"author":[{"embeddable":true,"href":"https:\/\/efg-hersbruck.de\/wordpress\/wp-json\/wp\/v2\/users\/2"}],"replies":[{"embeddable":true,"href":"https:\/\/efg-hersbruck.de\/wordpress\/wp-json\/wp\/v2\/comments?post=11131"}],"version-history":[{"count":4,"href":"https:\/\/efg-hersbruck.de\/wordpress\/wp-json\/wp\/v2\/posts\/11131\/revisions"}],"predecessor-version":[{"id":11136,"href":"https:\/\/efg-hersbruck.de\/wordpress\/wp-json\/wp\/v2\/posts\/11131\/revisions\/11136"}],"wp:featuredmedia":[{"embeddable":true,"href":"https:\/\/efg-hersbruck.de\/wordpress\/wp-json\/wp\/v2\/media\/11134"}],"wp:attachment":[{"href":"https:\/\/efg-hersbruck.de\/wordpress\/wp-json\/wp\/v2\/media?parent=11131"}],"wp:term":[{"taxonomy":"category","embeddable":true,"href":"https:\/\/efg-hersbruck.de\/wordpress\/wp-json\/wp\/v2\/categories?post=11131"},{"taxonomy":"post_tag","embeddable":true,"href":"https:\/\/efg-hersbruck.de\/wordpress\/wp-json\/wp\/v2\/tags?post=11131"}],"curies":[{"name":"wp","href":"https:\/\/api.w.org\/{rel}","templated":true}]}}